{"id":680,"date":"2024-12-04T14:09:21","date_gmt":"2024-12-04T17:09:21","guid":{"rendered":"https:\/\/grupo-naval.com\/?p=680"},"modified":"2024-12-04T14:09:21","modified_gmt":"2024-12-04T17:09:21","slug":"inauguracao-da-escola-primaria-1221-no-bairro-boavista","status":"publish","type":"post","link":"https:\/\/grupo-naval.com\/en\/outros\/inauguracao-da-escola-primaria-1221-no-bairro-boavista\/","title":{"rendered":"Inaugura\u00e7\u00e3o da Escola Prim\u00e1ria 1221 no Bairro Boavista"},"content":{"rendered":"<p>O Grupo Naval concretizou mais um importante projecto de impacto social com a entrega da Escola Prim\u00e1ria 1221, localizada no bairro Boavista, em Luanda. A nova infra-estrutura, inaugurada na manh\u00e3 de 28 de Agosto, representa um investimento de 500 mil USD e possui 12 salas de aula, biblioteca, sala de inform\u00e1tica e \u00e1reas comuns, como p\u00e1tio e sanit\u00e1rios. Com capacidade para acolher cerca de 600 alunos por turno, a escola visa beneficiar directamente as crian\u00e7as do bairro Boavista e de zonas circunvizinhas.<\/p>\n<p><img loading=\"lazy\" decoding=\"async\" class=\"wp-image-683 aligncenter\" src=\"https:\/\/grupo-naval.com\/wp-content\/uploads\/2024\/12\/66cf3ac0ce299b492c976471_ESCOLA-PRIMARIA-1221-Boavista-p-500-300x215.jpeg\" alt=\"\" width=\"652\" height=\"467\" srcset=\"https:\/\/grupo-naval.com\/wp-content\/uploads\/2024\/12\/66cf3ac0ce299b492c976471_ESCOLA-PRIMARIA-1221-Boavista-p-500-300x215.jpeg 300w, https:\/\/grupo-naval.com\/wp-content\/uploads\/2024\/12\/66cf3ac0ce299b492c976471_ESCOLA-PRIMARIA-1221-Boavista-p-500-18x12.jpeg 18w, https:\/\/grupo-naval.com\/wp-content\/uploads\/2024\/12\/66cf3ac0ce299b492c976471_ESCOLA-PRIMARIA-1221-Boavista-p-500.jpeg 500w\" sizes=\"auto, (max-width: 652px) 100vw, 652px\" \/><\/p>\n<p>O projecto teve in\u00edcio em Mar\u00e7o de 2023, ap\u00f3s uma an\u00e1lise criteriosa que identificou a necessidade de uma infra-estrutura educacional naquela regi\u00e3o. &#8220;Decidimos investir na constru\u00e7\u00e3o de uma escola que pudesse responder \u00e0 elevada procura por educa\u00e7\u00e3o e contribuir significativamente para o desenvolvimento da comunidade&#8221;, destacou Domingos Agostinho, director do Grupo Naval.<\/p>\n<p>Al\u00e9m da constru\u00e7\u00e3o da escola, foram disponibilizados livros, cadernos e outros materiais did\u00e1cticos, garantindo o imediato funcionamento da institui\u00e7\u00e3o. Esta iniciativa \u00e9 parte da pol\u00edtica de responsabilidade social do Grupo Naval, que possui um or\u00e7amento anual dedicado ao apoio a \u00e1reas como educa\u00e7\u00e3o, sa\u00fade, forma\u00e7\u00e3o profissional e desenvolvimento sustent\u00e1vel.<\/p>\n<p>\u201cA escolha do bairro Boavista baseou-se na aus\u00eancia de infra-estruturas educacionais adequadas e no n\u00famero elevado de crian\u00e7as em idade escolar sem acesso \u00e0 educa\u00e7\u00e3o. Identific\u00e1mos aqui uma oportunidade de gerar um impacto duradouro e positivo na comunidade\u201d, acrescentou o director.<\/p>\n<p>O Grupo Naval reafirma o seu compromisso com o progresso das comunidades onde actua, planeando a constru\u00e7\u00e3o de mais escolas e centros de sa\u00fade, bem como o desenvolvimento de projectos direccionados para o empoderamento de mulheres e jovens. Com iniciativas como estas, a empresa refor\u00e7a o seu papel como agente de transforma\u00e7\u00e3o social, contribuindo para a melhoria das condi\u00e7\u00f5es de vida e para o desenvolvimento sustent\u00e1vel em Angola.<\/p>","protected":false},"excerpt":{"rendered":"<p>O Grupo Naval concretizou mais um importante projecto de impacto social com a entrega da Escola Prim\u00e1ria 1221, localizada no bairro Boavista, em Luanda. A nova infra-estrutura, inaugurada na manh\u00e3 de 28 de Agosto, representa um investimento de 500 mil USD e possui 12 salas de aula, biblioteca, sala de inform\u00e1tica e \u00e1reas comuns, como [&hellip;]<\/p>","protected":false},"author":2,"featured_media":683,"comment_status":"open","ping_status":"open","sticky":false,"template":"","format":"standard","meta":{"_acf_changed":false,"footnotes":""},"categories":[7],"tags":[],"class_list":["post-680","post","type-post","status-publish","format-standard","has-post-thumbnail","hentry","category-outros"],"acf":[],"yoast_head":"<!-- This site is optimized with the Yoast SEO plugin v24.1 - https:\/\/yoast.com\/wordpress\/plugins\/seo\/ -->\n<title>Inaugura\u00e7\u00e3o da Escola Prim\u00e1ria 1221 no Bairro Boavista - Grupo Naval<\/title>\n<meta name=\"robots\" content=\"index, follow, max-snippet:-1, max-image-preview:large, max-video-preview:-1\" \/>\n<link rel=\"canonical\" href=\"https:\/\/grupo-naval.com\/en\/outros\/inauguracao-da-escola-primaria-1221-no-bairro-boavista\/\" \/>\n<meta property=\"og:locale\" content=\"en_US\" \/>\n<meta property=\"og:type\" content=\"article\" \/>\n<meta property=\"og:title\" content=\"Inaugura\u00e7\u00e3o da Escola Prim\u00e1ria 1221 no Bairro Boavista - Grupo Naval\" \/>\n<meta property=\"og:description\" content=\"O Grupo Naval concretizou mais um importante projecto de impacto social com a entrega da Escola Prim\u00e1ria 1221, localizada no bairro Boavista, em Luanda. A nova infra-estrutura, inaugurada na manh\u00e3 de 28 de Agosto, representa um investimento de 500 mil USD e possui 12 salas de aula, biblioteca, sala de inform\u00e1tica e \u00e1reas comuns, como [&hellip;]\" \/>\n<meta property=\"og:url\" content=\"https:\/\/grupo-naval.com\/en\/outros\/inauguracao-da-escola-primaria-1221-no-bairro-boavista\/\" \/>\n<meta property=\"og:site_name\" content=\"Grupo Naval\" \/>\n<meta property=\"article:published_time\" content=\"2024-12-04T17:09:21+00:00\" \/>\n<meta property=\"og:image\" content=\"https:\/\/grupo-naval.com\/wp-content\/uploads\/2024\/12\/66cf3ac0ce299b492c976471_ESCOLA-PRIMARIA-1221-Boavista-p-500.jpeg\" \/>\n\t<meta property=\"og:image:width\" content=\"500\" \/>\n\t<meta property=\"og:image:height\" content=\"358\" \/>\n\t<meta property=\"og:image:type\" content=\"image\/jpeg\" \/>\n<meta name=\"author\" content=\"caio\" \/>\n<meta name=\"twitter:card\" content=\"summary_large_image\" \/>\n<meta name=\"twitter:label1\" content=\"Written by\" \/>\n\t<meta name=\"twitter:data1\" content=\"caio\" \/>\n\t<meta name=\"twitter:label2\" content=\"Est. reading time\" \/>\n\t<meta name=\"twitter:data2\" content=\"2 minutes\" \/>\n<script type=\"application\/ld+json\" class=\"yoast-schema-graph\">{\"@context\":\"https:\/\/schema.org\",\"@graph\":[{\"@type\":\"Article\",\"@id\":\"https:\/\/grupo-naval.com\/outros\/inauguracao-da-escola-primaria-1221-no-bairro-boavista\/#article\",\"isPartOf\":{\"@id\":\"https:\/\/grupo-naval.com\/outros\/inauguracao-da-escola-primaria-1221-no-bairro-boavista\/\"},\"author\":{\"name\":\"caio\",\"@id\":\"https:\/\/grupo-naval.com\/#\/schema\/person\/c34cf03e7dbab942e3ab92304d2df641\"},\"headline\":\"Inaugura\u00e7\u00e3o da Escola Prim\u00e1ria 1221 no Bairro Boavista\",\"datePublished\":\"2024-12-04T17:09:21+00:00\",\"dateModified\":\"2024-12-04T17:09:21+00:00\",\"mainEntityOfPage\":{\"@id\":\"https:\/\/grupo-naval.com\/outros\/inauguracao-da-escola-primaria-1221-no-bairro-boavista\/\"},\"wordCount\":325,\"commentCount\":0,\"publisher\":{\"@id\":\"https:\/\/grupo-naval.com\/#organization\"},\"image\":{\"@id\":\"https:\/\/grupo-naval.com\/outros\/inauguracao-da-escola-primaria-1221-no-bairro-boavista\/#primaryimage\"},\"thumbnailUrl\":\"https:\/\/grupo-naval.com\/wp-content\/uploads\/2024\/12\/66cf3ac0ce299b492c976471_ESCOLA-PRIMARIA-1221-Boavista-p-500.jpeg\",\"articleSection\":[\"Outros\"],\"inLanguage\":\"en-US\",\"potentialAction\":[{\"@type\":\"CommentAction\",\"name\":\"Comment\",\"target\":[\"https:\/\/grupo-naval.com\/outros\/inauguracao-da-escola-primaria-1221-no-bairro-boavista\/#respond\"]}]},{\"@type\":\"WebPage\",\"@id\":\"https:\/\/grupo-naval.com\/outros\/inauguracao-da-escola-primaria-1221-no-bairro-boavista\/\",\"url\":\"https:\/\/grupo-naval.com\/outros\/inauguracao-da-escola-primaria-1221-no-bairro-boavista\/\",\"name\":\"Inaugura\u00e7\u00e3o da Escola Prim\u00e1ria 1221 no Bairro Boavista - Grupo Naval\",\"isPartOf\":{\"@id\":\"https:\/\/grupo-naval.com\/#website\"},\"primaryImageOfPage\":{\"@id\":\"https:\/\/grupo-naval.com\/outros\/inauguracao-da-escola-primaria-1221-no-bairro-boavista\/#primaryimage\"},\"image\":{\"@id\":\"https:\/\/grupo-naval.com\/outros\/inauguracao-da-escola-primaria-1221-no-bairro-boavista\/#primaryimage\"},\"thumbnailUrl\":\"https:\/\/grupo-naval.com\/wp-content\/uploads\/2024\/12\/66cf3ac0ce299b492c976471_ESCOLA-PRIMARIA-1221-Boavista-p-500.jpeg\",\"datePublished\":\"2024-12-04T17:09:21+00:00\",\"dateModified\":\"2024-12-04T17:09:21+00:00\",\"breadcrumb\":{\"@id\":\"https:\/\/grupo-naval.com\/outros\/inauguracao-da-escola-primaria-1221-no-bairro-boavista\/#breadcrumb\"},\"inLanguage\":\"en-US\",\"potentialAction\":[{\"@type\":\"ReadAction\",\"target\":[\"https:\/\/grupo-naval.com\/outros\/inauguracao-da-escola-primaria-1221-no-bairro-boavista\/\"]}]},{\"@type\":\"ImageObject\",\"inLanguage\":\"en-US\",\"@id\":\"https:\/\/grupo-naval.com\/outros\/inauguracao-da-escola-primaria-1221-no-bairro-boavista\/#primaryimage\",\"url\":\"https:\/\/grupo-naval.com\/wp-content\/uploads\/2024\/12\/66cf3ac0ce299b492c976471_ESCOLA-PRIMARIA-1221-Boavista-p-500.jpeg\",\"contentUrl\":\"https:\/\/grupo-naval.com\/wp-content\/uploads\/2024\/12\/66cf3ac0ce299b492c976471_ESCOLA-PRIMARIA-1221-Boavista-p-500.jpeg\",\"width\":500,\"height\":358},{\"@type\":\"BreadcrumbList\",\"@id\":\"https:\/\/grupo-naval.com\/outros\/inauguracao-da-escola-primaria-1221-no-bairro-boavista\/#breadcrumb\",\"itemListElement\":[{\"@type\":\"ListItem\",\"position\":1,\"name\":\"Home\",\"item\":\"https:\/\/grupo-naval.com\/\"},{\"@type\":\"ListItem\",\"position\":2,\"name\":\"Inaugura\u00e7\u00e3o da Escola Prim\u00e1ria 1221 no Bairro Boavista\"}]},{\"@type\":\"WebSite\",\"@id\":\"https:\/\/grupo-naval.com\/#website\",\"url\":\"https:\/\/grupo-naval.com\/\",\"name\":\"Naval Group\",\"description\":\"\",\"publisher\":{\"@id\":\"https:\/\/grupo-naval.com\/#organization\"},\"potentialAction\":[{\"@type\":\"SearchAction\",\"target\":{\"@type\":\"EntryPoint\",\"urlTemplate\":\"https:\/\/grupo-naval.com\/?s={search_term_string}\"},\"query-input\":{\"@type\":\"PropertyValueSpecification\",\"valueRequired\":true,\"valueName\":\"search_term_string\"}}],\"inLanguage\":\"en-US\"},{\"@type\":\"Organization\",\"@id\":\"https:\/\/grupo-naval.com\/#organization\",\"name\":\"Naval Group\",\"url\":\"https:\/\/grupo-naval.com\/\",\"logo\":{\"@type\":\"ImageObject\",\"inLanguage\":\"en-US\",\"@id\":\"https:\/\/grupo-naval.com\/#\/schema\/logo\/image\/\",\"url\":\"https:\/\/grupo-naval.com\/wp-content\/uploads\/2024\/11\/Untitled-design-6.png\",\"contentUrl\":\"https:\/\/grupo-naval.com\/wp-content\/uploads\/2024\/11\/Untitled-design-6.png\",\"width\":400,\"height\":240,\"caption\":\"Naval Group\"},\"image\":{\"@id\":\"https:\/\/grupo-naval.com\/#\/schema\/logo\/image\/\"},\"sameAs\":[\"https:\/\/www.linkedin.com\/company\/grupo-naval\"]},{\"@type\":\"Person\",\"@id\":\"https:\/\/grupo-naval.com\/#\/schema\/person\/c34cf03e7dbab942e3ab92304d2df641\",\"name\":\"caio\",\"image\":{\"@type\":\"ImageObject\",\"inLanguage\":\"en-US\",\"@id\":\"https:\/\/grupo-naval.com\/#\/schema\/person\/image\/\",\"url\":\"https:\/\/secure.gravatar.com\/avatar\/1782a1c5b858cda2a5679149fd05b89dc2990e25e53ea8bd27f16988b111e87b?s=96&d=mm&r=g\",\"contentUrl\":\"https:\/\/secure.gravatar.com\/avatar\/1782a1c5b858cda2a5679149fd05b89dc2990e25e53ea8bd27f16988b111e87b?s=96&d=mm&r=g\",\"caption\":\"caio\"},\"url\":\"https:\/\/grupo-naval.com\/en\/author\/caio\/\"}]}<\/script>\n<!-- \/ Yoast SEO plugin. -->","yoast_head_json":{"title":"Inaugura\u00e7\u00e3o da Escola Prim\u00e1ria 1221 no Bairro Boavista - Grupo Naval","robots":{"index":"index","follow":"follow","max-snippet":"max-snippet:-1","max-image-preview":"max-image-preview:large","max-video-preview":"max-video-preview:-1"},"canonical":"https:\/\/grupo-naval.com\/en\/outros\/inauguracao-da-escola-primaria-1221-no-bairro-boavista\/","og_locale":"en_US","og_type":"article","og_title":"Inaugura\u00e7\u00e3o da Escola Prim\u00e1ria 1221 no Bairro Boavista - Grupo Naval","og_description":"O Grupo Naval concretizou mais um importante projecto de impacto social com a entrega da Escola Prim\u00e1ria 1221, localizada no bairro Boavista, em Luanda. A nova infra-estrutura, inaugurada na manh\u00e3 de 28 de Agosto, representa um investimento de 500 mil USD e possui 12 salas de aula, biblioteca, sala de inform\u00e1tica e \u00e1reas comuns, como [&hellip;]","og_url":"https:\/\/grupo-naval.com\/en\/outros\/inauguracao-da-escola-primaria-1221-no-bairro-boavista\/","og_site_name":"Grupo Naval","article_published_time":"2024-12-04T17:09:21+00:00","og_image":[{"width":500,"height":358,"url":"https:\/\/grupo-naval.com\/wp-content\/uploads\/2024\/12\/66cf3ac0ce299b492c976471_ESCOLA-PRIMARIA-1221-Boavista-p-500.jpeg","type":"image\/jpeg"}],"author":"caio","twitter_card":"summary_large_image","twitter_misc":{"Written by":"caio","Est. reading time":"2 minutes"},"schema":{"@context":"https:\/\/schema.org","@graph":[{"@type":"Article","@id":"https:\/\/grupo-naval.com\/outros\/inauguracao-da-escola-primaria-1221-no-bairro-boavista\/#article","isPartOf":{"@id":"https:\/\/grupo-naval.com\/outros\/inauguracao-da-escola-primaria-1221-no-bairro-boavista\/"},"author":{"name":"caio","@id":"https:\/\/grupo-naval.com\/#\/schema\/person\/c34cf03e7dbab942e3ab92304d2df641"},"headline":"Inaugura\u00e7\u00e3o da Escola Prim\u00e1ria 1221 no Bairro Boavista","datePublished":"2024-12-04T17:09:21+00:00","dateModified":"2024-12-04T17:09:21+00:00","mainEntityOfPage":{"@id":"https:\/\/grupo-naval.com\/outros\/inauguracao-da-escola-primaria-1221-no-bairro-boavista\/"},"wordCount":325,"commentCount":0,"publisher":{"@id":"https:\/\/grupo-naval.com\/#organization"},"image":{"@id":"https:\/\/grupo-naval.com\/outros\/inauguracao-da-escola-primaria-1221-no-bairro-boavista\/#primaryimage"},"thumbnailUrl":"https:\/\/grupo-naval.com\/wp-content\/uploads\/2024\/12\/66cf3ac0ce299b492c976471_ESCOLA-PRIMARIA-1221-Boavista-p-500.jpeg","articleSection":["Outros"],"inLanguage":"en-US","potentialAction":[{"@type":"CommentAction","name":"Comment","target":["https:\/\/grupo-naval.com\/outros\/inauguracao-da-escola-primaria-1221-no-bairro-boavista\/#respond"]}]},{"@type":"WebPage","@id":"https:\/\/grupo-naval.com\/outros\/inauguracao-da-escola-primaria-1221-no-bairro-boavista\/","url":"https:\/\/grupo-naval.com\/outros\/inauguracao-da-escola-primaria-1221-no-bairro-boavista\/","name":"Inaugura\u00e7\u00e3o da Escola Prim\u00e1ria 1221 no Bairro Boavista - Grupo Naval","isPartOf":{"@id":"https:\/\/grupo-naval.com\/#website"},"primaryImageOfPage":{"@id":"https:\/\/grupo-naval.com\/outros\/inauguracao-da-escola-primaria-1221-no-bairro-boavista\/#primaryimage"},"image":{"@id":"https:\/\/grupo-naval.com\/outros\/inauguracao-da-escola-primaria-1221-no-bairro-boavista\/#primaryimage"},"thumbnailUrl":"https:\/\/grupo-naval.com\/wp-content\/uploads\/2024\/12\/66cf3ac0ce299b492c976471_ESCOLA-PRIMARIA-1221-Boavista-p-500.jpeg","datePublished":"2024-12-04T17:09:21+00:00","dateModified":"2024-12-04T17:09:21+00:00","breadcrumb":{"@id":"https:\/\/grupo-naval.com\/outros\/inauguracao-da-escola-primaria-1221-no-bairro-boavista\/#breadcrumb"},"inLanguage":"en-US","potentialAction":[{"@type":"ReadAction","target":["https:\/\/grupo-naval.com\/outros\/inauguracao-da-escola-primaria-1221-no-bairro-boavista\/"]}]},{"@type":"ImageObject","inLanguage":"en-US","@id":"https:\/\/grupo-naval.com\/outros\/inauguracao-da-escola-primaria-1221-no-bairro-boavista\/#primaryimage","url":"https:\/\/grupo-naval.com\/wp-content\/uploads\/2024\/12\/66cf3ac0ce299b492c976471_ESCOLA-PRIMARIA-1221-Boavista-p-500.jpeg","contentUrl":"https:\/\/grupo-naval.com\/wp-content\/uploads\/2024\/12\/66cf3ac0ce299b492c976471_ESCOLA-PRIMARIA-1221-Boavista-p-500.jpeg","width":500,"height":358},{"@type":"BreadcrumbList","@id":"https:\/\/grupo-naval.com\/outros\/inauguracao-da-escola-primaria-1221-no-bairro-boavista\/#breadcrumb","itemListElement":[{"@type":"ListItem","position":1,"name":"Home","item":"https:\/\/grupo-naval.com\/"},{"@type":"ListItem","position":2,"name":"Inaugura\u00e7\u00e3o da Escola Prim\u00e1ria 1221 no Bairro Boavista"}]},{"@type":"WebSite","@id":"https:\/\/grupo-naval.com\/#website","url":"https:\/\/grupo-naval.com\/","name":"Naval Group","description":"","publisher":{"@id":"https:\/\/grupo-naval.com\/#organization"},"potentialAction":[{"@type":"SearchAction","target":{"@type":"EntryPoint","urlTemplate":"https:\/\/grupo-naval.com\/?s={search_term_string}"},"query-input":{"@type":"PropertyValueSpecification","valueRequired":true,"valueName":"search_term_string"}}],"inLanguage":"en-US"},{"@type":"Organization","@id":"https:\/\/grupo-naval.com\/#organization","name":"Naval Group","url":"https:\/\/grupo-naval.com\/","logo":{"@type":"ImageObject","inLanguage":"en-US","@id":"https:\/\/grupo-naval.com\/#\/schema\/logo\/image\/","url":"https:\/\/grupo-naval.com\/wp-content\/uploads\/2024\/11\/Untitled-design-6.png","contentUrl":"https:\/\/grupo-naval.com\/wp-content\/uploads\/2024\/11\/Untitled-design-6.png","width":400,"height":240,"caption":"Naval Group"},"image":{"@id":"https:\/\/grupo-naval.com\/#\/schema\/logo\/image\/"},"sameAs":["https:\/\/www.linkedin.com\/company\/grupo-naval"]},{"@type":"Person","@id":"https:\/\/grupo-naval.com\/#\/schema\/person\/c34cf03e7dbab942e3ab92304d2df641","name":"caio","image":{"@type":"ImageObject","inLanguage":"en-US","@id":"https:\/\/grupo-naval.com\/#\/schema\/person\/image\/","url":"https:\/\/secure.gravatar.com\/avatar\/1782a1c5b858cda2a5679149fd05b89dc2990e25e53ea8bd27f16988b111e87b?s=96&d=mm&r=g","contentUrl":"https:\/\/secure.gravatar.com\/avatar\/1782a1c5b858cda2a5679149fd05b89dc2990e25e53ea8bd27f16988b111e87b?s=96&d=mm&r=g","caption":"caio"},"url":"https:\/\/grupo-naval.com\/en\/author\/caio\/"}]}},"_links":{"self":[{"href":"https:\/\/grupo-naval.com\/en\/wp-json\/wp\/v2\/posts\/680","targetHints":{"allow":["GET"]}}],"collection":[{"href":"https:\/\/grupo-naval.com\/en\/wp-json\/wp\/v2\/posts"}],"about":[{"href":"https:\/\/grupo-naval.com\/en\/wp-json\/wp\/v2\/types\/post"}],"author":[{"embeddable":true,"href":"https:\/\/grupo-naval.com\/en\/wp-json\/wp\/v2\/users\/2"}],"replies":[{"embeddable":true,"href":"https:\/\/grupo-naval.com\/en\/wp-json\/wp\/v2\/comments?post=680"}],"version-history":[{"count":1,"href":"https:\/\/grupo-naval.com\/en\/wp-json\/wp\/v2\/posts\/680\/revisions"}],"predecessor-version":[{"id":684,"href":"https:\/\/grupo-naval.com\/en\/wp-json\/wp\/v2\/posts\/680\/revisions\/684"}],"wp:featuredmedia":[{"embeddable":true,"href":"https:\/\/grupo-naval.com\/en\/wp-json\/wp\/v2\/media\/683"}],"wp:attachment":[{"href":"https:\/\/grupo-naval.com\/en\/wp-json\/wp\/v2\/media?parent=680"}],"wp:term":[{"taxonomy":"category","embeddable":true,"href":"https:\/\/grupo-naval.com\/en\/wp-json\/wp\/v2\/categories?post=680"},{"taxonomy":"post_tag","embeddable":true,"href":"https:\/\/grupo-naval.com\/en\/wp-json\/wp\/v2\/tags?post=680"}],"curies":[{"name":"wp","href":"https:\/\/api.w.org\/{rel}","templated":true}]}}