{"id":851,"date":"2025-10-15T08:23:43","date_gmt":"2025-10-15T11:23:43","guid":{"rendered":"https:\/\/grupo-naval.com\/?p=851"},"modified":"2025-12-15T08:17:40","modified_gmt":"2025-12-15T11:17:40","slug":"reuniao-da-equipa-economica-da-comissao-economica-do-conselho-de-ministros-com-os-operadores-de-industrias-de-bens-alimentares","status":"publish","type":"post","link":"https:\/\/grupo-naval.com\/en\/outros\/reuniao-da-equipa-economica-da-comissao-economica-do-conselho-de-ministros-com-os-operadores-de-industrias-de-bens-alimentares\/","title":{"rendered":"Reuni\u00e3o da Comiss\u00e3o Econ\u00f3mica do Conselho de Ministros com os Operadores de Ind\u00fastrias de Bens Alimentares"},"content":{"rendered":"<p><img loading=\"lazy\" decoding=\"async\" class=\"aligncenter wp-image-843\" src=\"https:\/\/grupo-naval.com\/wp-content\/uploads\/2025\/10\/Captura-de-ecra-2025-10-15-as-12.08.12-350x350.png\" alt=\"\" width=\"652\" height=\"433\" srcset=\"https:\/\/grupo-naval.com\/wp-content\/uploads\/2025\/10\/Captura-de-ecra-2025-10-15-as-12.08.12-500x332.png 500w, https:\/\/grupo-naval.com\/wp-content\/uploads\/2025\/10\/Captura-de-ecra-2025-10-15-as-12.08.12-1024x680.png 1024w, https:\/\/grupo-naval.com\/wp-content\/uploads\/2025\/10\/Captura-de-ecra-2025-10-15-as-12.08.12-768x510.png 768w, https:\/\/grupo-naval.com\/wp-content\/uploads\/2025\/10\/Captura-de-ecra-2025-10-15-as-12.08.12-18x12.png 18w, https:\/\/grupo-naval.com\/wp-content\/uploads\/2025\/10\/Captura-de-ecra-2025-10-15-as-12.08.12.png 1114w\" sizes=\"auto, (max-width: 652px) 100vw, 652px\" \/><\/p>\n<p>O Grupo Naval teve a honra de receber, nas suas instala\u00e7\u00f5es da Foodtec em Viana, a Reuni\u00e3o da Equipa Econ\u00f3mica da Comiss\u00e3o Econ\u00f3mica do Conselho de Ministros com os Operadores de Ind\u00fastrias de Bens Alimentares.<\/p>\n<p>O encontro, promovido pelo Minist\u00e9rio da Ind\u00fastria e Com\u00e9rcio, contou com a presen\u00e7a de representantes de v\u00e1rios minist\u00e9rios, entre eles o MECE, MINFIN, MINPLAN, MAPTSS, MINDCOM, MINAGRIF, MINPERMAR, MINTUR, SPRAE, SPRSP, AEVPR, entre outros.<\/p>\n<p>Com o tema \u201cMiss\u00e3o, Desafios e Oportunidades das Ind\u00fastrias de Bens Alimentares em Angola\u201d, o evento reuniu cerca de 90 operadores do sector para discutir caminhos de crescimento, inova\u00e7\u00e3o e desenvolvimento sustent\u00e1vel da ind\u00fastria alimentar nacional.<\/p>\n<p>Para o Grupo Naval, foi um privil\u00e9gio participar nesta iniciativa que promove o di\u00e1logo entre o sector p\u00fablico e privado, contribuindo activamente para a constru\u00e7\u00e3o de solu\u00e7\u00f5es que impulsionam o futuro da produ\u00e7\u00e3o em Angola.<br \/>\n<a href=\"https:\/\/www.linkedin.com\/feed\/update\/urn:li:activity:7366180629882818560\">https:\/\/www.linkedin.com\/feed\/update\/urn:li:activity:7366180629882818560<\/a><\/p>","protected":false},"excerpt":{"rendered":"<p>O Grupo Naval teve a honra de receber, nas suas instala\u00e7\u00f5es da Foodtec em Viana, a Reuni\u00e3o da Equipa Econ\u00f3mica da Comiss\u00e3o Econ\u00f3mica do Conselho de Ministros com os Operadores de Ind\u00fastrias de Bens Alimentares. O encontro, promovido pelo Minist\u00e9rio da Ind\u00fastria e Com\u00e9rcio, contou com a presen\u00e7a de representantes de v\u00e1rios minist\u00e9rios, entre eles [&hellip;]<\/p>","protected":false},"author":3,"featured_media":0,"comment_status":"open","ping_status":"open","sticky":false,"template":"","format":"standard","meta":{"_acf_changed":false,"footnotes":""},"categories":[7],"tags":[],"class_list":["post-851","post","type-post","status-publish","format-standard","hentry","category-outros"],"acf":[],"yoast_head":"<!-- This site is optimized with the Yoast SEO plugin v24.1 - https:\/\/yoast.com\/wordpress\/plugins\/seo\/ -->\n<title>Reuni\u00e3o da Comiss\u00e3o Econ\u00f3mica do Conselho de Ministros com os Operadores de Ind\u00fastrias de Bens Alimentares - Grupo Naval<\/title>\n<meta name=\"robots\" content=\"index, follow, max-snippet:-1, max-image-preview:large, max-video-preview:-1\" \/>\n<link rel=\"canonical\" href=\"https:\/\/grupo-naval.com\/en\/outros\/reuniao-da-equipa-economica-da-comissao-economica-do-conselho-de-ministros-com-os-operadores-de-industrias-de-bens-alimentares\/\" \/>\n<meta property=\"og:locale\" content=\"en_US\" \/>\n<meta property=\"og:type\" content=\"article\" \/>\n<meta property=\"og:title\" content=\"Reuni\u00e3o da Comiss\u00e3o Econ\u00f3mica do Conselho de Ministros com os Operadores de Ind\u00fastrias de Bens Alimentares - Grupo Naval\" \/>\n<meta property=\"og:description\" content=\"O Grupo Naval teve a honra de receber, nas suas instala\u00e7\u00f5es da Foodtec em Viana, a Reuni\u00e3o da Equipa Econ\u00f3mica da Comiss\u00e3o Econ\u00f3mica do Conselho de Ministros com os Operadores de Ind\u00fastrias de Bens Alimentares. O encontro, promovido pelo Minist\u00e9rio da Ind\u00fastria e Com\u00e9rcio, contou com a presen\u00e7a de representantes de v\u00e1rios minist\u00e9rios, entre eles [&hellip;]\" \/>\n<meta property=\"og:url\" content=\"https:\/\/grupo-naval.com\/en\/outros\/reuniao-da-equipa-economica-da-comissao-economica-do-conselho-de-ministros-com-os-operadores-de-industrias-de-bens-alimentares\/\" \/>\n<meta property=\"og:site_name\" content=\"Grupo Naval\" \/>\n<meta property=\"article:published_time\" content=\"2025-10-15T11:23:43+00:00\" \/>\n<meta property=\"article:modified_time\" content=\"2025-12-15T11:17:40+00:00\" \/>\n<meta property=\"og:image\" content=\"https:\/\/grupo-naval.com\/wp-content\/uploads\/2025\/10\/Captura-de-ecra-2025-10-15-as-12.08.12.png\" \/>\n\t<meta property=\"og:image:width\" content=\"1114\" \/>\n\t<meta property=\"og:image:height\" content=\"740\" \/>\n\t<meta property=\"og:image:type\" content=\"image\/png\" \/>\n<meta name=\"author\" content=\"Marina Sanches\" \/>\n<meta name=\"twitter:card\" content=\"summary_large_image\" \/>\n<meta name=\"twitter:label1\" content=\"Written by\" \/>\n\t<meta name=\"twitter:data1\" content=\"Marina Sanches\" \/>\n\t<meta name=\"twitter:label2\" content=\"Est. reading time\" \/>\n\t<meta name=\"twitter:data2\" content=\"1 minute\" \/>\n<script type=\"application\/ld+json\" class=\"yoast-schema-graph\">{\"@context\":\"https:\/\/schema.org\",\"@graph\":[{\"@type\":\"Article\",\"@id\":\"https:\/\/grupo-naval.com\/outros\/reuniao-da-equipa-economica-da-comissao-economica-do-conselho-de-ministros-com-os-operadores-de-industrias-de-bens-alimentares\/#article\",\"isPartOf\":{\"@id\":\"https:\/\/grupo-naval.com\/outros\/reuniao-da-equipa-economica-da-comissao-economica-do-conselho-de-ministros-com-os-operadores-de-industrias-de-bens-alimentares\/\"},\"author\":{\"name\":\"Marina Sanches\",\"@id\":\"https:\/\/grupo-naval.com\/#\/schema\/person\/941a80f46b5dae99941bc07a87931935\"},\"headline\":\"Reuni\u00e3o da Comiss\u00e3o Econ\u00f3mica do Conselho de Ministros com os Operadores de Ind\u00fastrias de Bens Alimentares\",\"datePublished\":\"2025-10-15T11:23:43+00:00\",\"dateModified\":\"2025-12-15T11:17:40+00:00\",\"mainEntityOfPage\":{\"@id\":\"https:\/\/grupo-naval.com\/outros\/reuniao-da-equipa-economica-da-comissao-economica-do-conselho-de-ministros-com-os-operadores-de-industrias-de-bens-alimentares\/\"},\"wordCount\":191,\"commentCount\":0,\"publisher\":{\"@id\":\"https:\/\/grupo-naval.com\/#organization\"},\"image\":{\"@id\":\"https:\/\/grupo-naval.com\/outros\/reuniao-da-equipa-economica-da-comissao-economica-do-conselho-de-ministros-com-os-operadores-de-industrias-de-bens-alimentares\/#primaryimage\"},\"thumbnailUrl\":\"https:\/\/grupo-naval.com\/wp-content\/uploads\/2025\/10\/Captura-de-ecra-2025-10-15-as-12.08.12-350x350.png\",\"articleSection\":[\"Outros\"],\"inLanguage\":\"en-US\",\"potentialAction\":[{\"@type\":\"CommentAction\",\"name\":\"Comment\",\"target\":[\"https:\/\/grupo-naval.com\/outros\/reuniao-da-equipa-economica-da-comissao-economica-do-conselho-de-ministros-com-os-operadores-de-industrias-de-bens-alimentares\/#respond\"]}]},{\"@type\":\"WebPage\",\"@id\":\"https:\/\/grupo-naval.com\/outros\/reuniao-da-equipa-economica-da-comissao-economica-do-conselho-de-ministros-com-os-operadores-de-industrias-de-bens-alimentares\/\",\"url\":\"https:\/\/grupo-naval.com\/outros\/reuniao-da-equipa-economica-da-comissao-economica-do-conselho-de-ministros-com-os-operadores-de-industrias-de-bens-alimentares\/\",\"name\":\"Reuni\u00e3o da Comiss\u00e3o Econ\u00f3mica do Conselho de Ministros com os Operadores de Ind\u00fastrias de Bens Alimentares - Grupo Naval\",\"isPartOf\":{\"@id\":\"https:\/\/grupo-naval.com\/#website\"},\"primaryImageOfPage\":{\"@id\":\"https:\/\/grupo-naval.com\/outros\/reuniao-da-equipa-economica-da-comissao-economica-do-conselho-de-ministros-com-os-operadores-de-industrias-de-bens-alimentares\/#primaryimage\"},\"image\":{\"@id\":\"https:\/\/grupo-naval.com\/outros\/reuniao-da-equipa-economica-da-comissao-economica-do-conselho-de-ministros-com-os-operadores-de-industrias-de-bens-alimentares\/#primaryimage\"},\"thumbnailUrl\":\"https:\/\/grupo-naval.com\/wp-content\/uploads\/2025\/10\/Captura-de-ecra-2025-10-15-as-12.08.12-350x350.png\",\"datePublished\":\"2025-10-15T11:23:43+00:00\",\"dateModified\":\"2025-12-15T11:17:40+00:00\",\"breadcrumb\":{\"@id\":\"https:\/\/grupo-naval.com\/outros\/reuniao-da-equipa-economica-da-comissao-economica-do-conselho-de-ministros-com-os-operadores-de-industrias-de-bens-alimentares\/#breadcrumb\"},\"inLanguage\":\"en-US\",\"potentialAction\":[{\"@type\":\"ReadAction\",\"target\":[\"https:\/\/grupo-naval.com\/outros\/reuniao-da-equipa-economica-da-comissao-economica-do-conselho-de-ministros-com-os-operadores-de-industrias-de-bens-alimentares\/\"]}]},{\"@type\":\"ImageObject\",\"inLanguage\":\"en-US\",\"@id\":\"https:\/\/grupo-naval.com\/outros\/reuniao-da-equipa-economica-da-comissao-economica-do-conselho-de-ministros-com-os-operadores-de-industrias-de-bens-alimentares\/#primaryimage\",\"url\":\"https:\/\/grupo-naval.com\/wp-content\/uploads\/2025\/10\/Captura-de-ecra-2025-10-15-as-12.08.12-350x350.png\",\"contentUrl\":\"https:\/\/grupo-naval.com\/wp-content\/uploads\/2025\/10\/Captura-de-ecra-2025-10-15-as-12.08.12-350x350.png\"},{\"@type\":\"BreadcrumbList\",\"@id\":\"https:\/\/grupo-naval.com\/outros\/reuniao-da-equipa-economica-da-comissao-economica-do-conselho-de-ministros-com-os-operadores-de-industrias-de-bens-alimentares\/#breadcrumb\",\"itemListElement\":[{\"@type\":\"ListItem\",\"position\":1,\"name\":\"Home\",\"item\":\"https:\/\/grupo-naval.com\/\"},{\"@type\":\"ListItem\",\"position\":2,\"name\":\"Reuni\u00e3o da Comiss\u00e3o Econ\u00f3mica do Conselho de Ministros com os Operadores de Ind\u00fastrias de Bens Alimentares\"}]},{\"@type\":\"WebSite\",\"@id\":\"https:\/\/grupo-naval.com\/#website\",\"url\":\"https:\/\/grupo-naval.com\/\",\"name\":\"Naval Group\",\"description\":\"\",\"publisher\":{\"@id\":\"https:\/\/grupo-naval.com\/#organization\"},\"potentialAction\":[{\"@type\":\"SearchAction\",\"target\":{\"@type\":\"EntryPoint\",\"urlTemplate\":\"https:\/\/grupo-naval.com\/?s={search_term_string}\"},\"query-input\":{\"@type\":\"PropertyValueSpecification\",\"valueRequired\":true,\"valueName\":\"search_term_string\"}}],\"inLanguage\":\"en-US\"},{\"@type\":\"Organization\",\"@id\":\"https:\/\/grupo-naval.com\/#organization\",\"name\":\"Naval Group\",\"url\":\"https:\/\/grupo-naval.com\/\",\"logo\":{\"@type\":\"ImageObject\",\"inLanguage\":\"en-US\",\"@id\":\"https:\/\/grupo-naval.com\/#\/schema\/logo\/image\/\",\"url\":\"https:\/\/grupo-naval.com\/wp-content\/uploads\/2024\/11\/Untitled-design-6.png\",\"contentUrl\":\"https:\/\/grupo-naval.com\/wp-content\/uploads\/2024\/11\/Untitled-design-6.png\",\"width\":400,\"height\":240,\"caption\":\"Naval Group\"},\"image\":{\"@id\":\"https:\/\/grupo-naval.com\/#\/schema\/logo\/image\/\"},\"sameAs\":[\"https:\/\/www.linkedin.com\/company\/grupo-naval\"]},{\"@type\":\"Person\",\"@id\":\"https:\/\/grupo-naval.com\/#\/schema\/person\/941a80f46b5dae99941bc07a87931935\",\"name\":\"Marina Sanches\",\"image\":{\"@type\":\"ImageObject\",\"inLanguage\":\"en-US\",\"@id\":\"https:\/\/grupo-naval.com\/#\/schema\/person\/image\/\",\"url\":\"https:\/\/secure.gravatar.com\/avatar\/48cbd9f1a65389caf3764d42da80912984f009987cd688374d5154daef98fc10?s=96&d=mm&r=g\",\"contentUrl\":\"https:\/\/secure.gravatar.com\/avatar\/48cbd9f1a65389caf3764d42da80912984f009987cd688374d5154daef98fc10?s=96&d=mm&r=g\",\"caption\":\"Marina Sanches\"},\"url\":\"https:\/\/grupo-naval.com\/en\/author\/marina-sanches\/\"}]}<\/script>\n<!-- \/ Yoast SEO plugin. -->","yoast_head_json":{"title":"Reuni\u00e3o da Comiss\u00e3o Econ\u00f3mica do Conselho de Ministros com os Operadores de Ind\u00fastrias de Bens Alimentares - Grupo Naval","robots":{"index":"index","follow":"follow","max-snippet":"max-snippet:-1","max-image-preview":"max-image-preview:large","max-video-preview":"max-video-preview:-1"},"canonical":"https:\/\/grupo-naval.com\/en\/outros\/reuniao-da-equipa-economica-da-comissao-economica-do-conselho-de-ministros-com-os-operadores-de-industrias-de-bens-alimentares\/","og_locale":"en_US","og_type":"article","og_title":"Reuni\u00e3o da Comiss\u00e3o Econ\u00f3mica do Conselho de Ministros com os Operadores de Ind\u00fastrias de Bens Alimentares - Grupo Naval","og_description":"O Grupo Naval teve a honra de receber, nas suas instala\u00e7\u00f5es da Foodtec em Viana, a Reuni\u00e3o da Equipa Econ\u00f3mica da Comiss\u00e3o Econ\u00f3mica do Conselho de Ministros com os Operadores de Ind\u00fastrias de Bens Alimentares. O encontro, promovido pelo Minist\u00e9rio da Ind\u00fastria e Com\u00e9rcio, contou com a presen\u00e7a de representantes de v\u00e1rios minist\u00e9rios, entre eles [&hellip;]","og_url":"https:\/\/grupo-naval.com\/en\/outros\/reuniao-da-equipa-economica-da-comissao-economica-do-conselho-de-ministros-com-os-operadores-de-industrias-de-bens-alimentares\/","og_site_name":"Grupo Naval","article_published_time":"2025-10-15T11:23:43+00:00","article_modified_time":"2025-12-15T11:17:40+00:00","og_image":[{"width":1114,"height":740,"url":"https:\/\/grupo-naval.com\/wp-content\/uploads\/2025\/10\/Captura-de-ecra-2025-10-15-as-12.08.12.png","type":"image\/png"}],"author":"Marina Sanches","twitter_card":"summary_large_image","twitter_misc":{"Written by":"Marina Sanches","Est. reading time":"1 minute"},"schema":{"@context":"https:\/\/schema.org","@graph":[{"@type":"Article","@id":"https:\/\/grupo-naval.com\/outros\/reuniao-da-equipa-economica-da-comissao-economica-do-conselho-de-ministros-com-os-operadores-de-industrias-de-bens-alimentares\/#article","isPartOf":{"@id":"https:\/\/grupo-naval.com\/outros\/reuniao-da-equipa-economica-da-comissao-economica-do-conselho-de-ministros-com-os-operadores-de-industrias-de-bens-alimentares\/"},"author":{"name":"Marina Sanches","@id":"https:\/\/grupo-naval.com\/#\/schema\/person\/941a80f46b5dae99941bc07a87931935"},"headline":"Reuni\u00e3o da Comiss\u00e3o Econ\u00f3mica do Conselho de Ministros com os Operadores de Ind\u00fastrias de Bens Alimentares","datePublished":"2025-10-15T11:23:43+00:00","dateModified":"2025-12-15T11:17:40+00:00","mainEntityOfPage":{"@id":"https:\/\/grupo-naval.com\/outros\/reuniao-da-equipa-economica-da-comissao-economica-do-conselho-de-ministros-com-os-operadores-de-industrias-de-bens-alimentares\/"},"wordCount":191,"commentCount":0,"publisher":{"@id":"https:\/\/grupo-naval.com\/#organization"},"image":{"@id":"https:\/\/grupo-naval.com\/outros\/reuniao-da-equipa-economica-da-comissao-economica-do-conselho-de-ministros-com-os-operadores-de-industrias-de-bens-alimentares\/#primaryimage"},"thumbnailUrl":"https:\/\/grupo-naval.com\/wp-content\/uploads\/2025\/10\/Captura-de-ecra-2025-10-15-as-12.08.12-350x350.png","articleSection":["Outros"],"inLanguage":"en-US","potentialAction":[{"@type":"CommentAction","name":"Comment","target":["https:\/\/grupo-naval.com\/outros\/reuniao-da-equipa-economica-da-comissao-economica-do-conselho-de-ministros-com-os-operadores-de-industrias-de-bens-alimentares\/#respond"]}]},{"@type":"WebPage","@id":"https:\/\/grupo-naval.com\/outros\/reuniao-da-equipa-economica-da-comissao-economica-do-conselho-de-ministros-com-os-operadores-de-industrias-de-bens-alimentares\/","url":"https:\/\/grupo-naval.com\/outros\/reuniao-da-equipa-economica-da-comissao-economica-do-conselho-de-ministros-com-os-operadores-de-industrias-de-bens-alimentares\/","name":"Reuni\u00e3o da Comiss\u00e3o Econ\u00f3mica do Conselho de Ministros com os Operadores de Ind\u00fastrias de Bens Alimentares - Grupo Naval","isPartOf":{"@id":"https:\/\/grupo-naval.com\/#website"},"primaryImageOfPage":{"@id":"https:\/\/grupo-naval.com\/outros\/reuniao-da-equipa-economica-da-comissao-economica-do-conselho-de-ministros-com-os-operadores-de-industrias-de-bens-alimentares\/#primaryimage"},"image":{"@id":"https:\/\/grupo-naval.com\/outros\/reuniao-da-equipa-economica-da-comissao-economica-do-conselho-de-ministros-com-os-operadores-de-industrias-de-bens-alimentares\/#primaryimage"},"thumbnailUrl":"https:\/\/grupo-naval.com\/wp-content\/uploads\/2025\/10\/Captura-de-ecra-2025-10-15-as-12.08.12-350x350.png","datePublished":"2025-10-15T11:23:43+00:00","dateModified":"2025-12-15T11:17:40+00:00","breadcrumb":{"@id":"https:\/\/grupo-naval.com\/outros\/reuniao-da-equipa-economica-da-comissao-economica-do-conselho-de-ministros-com-os-operadores-de-industrias-de-bens-alimentares\/#breadcrumb"},"inLanguage":"en-US","potentialAction":[{"@type":"ReadAction","target":["https:\/\/grupo-naval.com\/outros\/reuniao-da-equipa-economica-da-comissao-economica-do-conselho-de-ministros-com-os-operadores-de-industrias-de-bens-alimentares\/"]}]},{"@type":"ImageObject","inLanguage":"en-US","@id":"https:\/\/grupo-naval.com\/outros\/reuniao-da-equipa-economica-da-comissao-economica-do-conselho-de-ministros-com-os-operadores-de-industrias-de-bens-alimentares\/#primaryimage","url":"https:\/\/grupo-naval.com\/wp-content\/uploads\/2025\/10\/Captura-de-ecra-2025-10-15-as-12.08.12-350x350.png","contentUrl":"https:\/\/grupo-naval.com\/wp-content\/uploads\/2025\/10\/Captura-de-ecra-2025-10-15-as-12.08.12-350x350.png"},{"@type":"BreadcrumbList","@id":"https:\/\/grupo-naval.com\/outros\/reuniao-da-equipa-economica-da-comissao-economica-do-conselho-de-ministros-com-os-operadores-de-industrias-de-bens-alimentares\/#breadcrumb","itemListElement":[{"@type":"ListItem","position":1,"name":"Home","item":"https:\/\/grupo-naval.com\/"},{"@type":"ListItem","position":2,"name":"Reuni\u00e3o da Comiss\u00e3o Econ\u00f3mica do Conselho de Ministros com os Operadores de Ind\u00fastrias de Bens Alimentares"}]},{"@type":"WebSite","@id":"https:\/\/grupo-naval.com\/#website","url":"https:\/\/grupo-naval.com\/","name":"Naval Group","description":"","publisher":{"@id":"https:\/\/grupo-naval.com\/#organization"},"potentialAction":[{"@type":"SearchAction","target":{"@type":"EntryPoint","urlTemplate":"https:\/\/grupo-naval.com\/?s={search_term_string}"},"query-input":{"@type":"PropertyValueSpecification","valueRequired":true,"valueName":"search_term_string"}}],"inLanguage":"en-US"},{"@type":"Organization","@id":"https:\/\/grupo-naval.com\/#organization","name":"Naval Group","url":"https:\/\/grupo-naval.com\/","logo":{"@type":"ImageObject","inLanguage":"en-US","@id":"https:\/\/grupo-naval.com\/#\/schema\/logo\/image\/","url":"https:\/\/grupo-naval.com\/wp-content\/uploads\/2024\/11\/Untitled-design-6.png","contentUrl":"https:\/\/grupo-naval.com\/wp-content\/uploads\/2024\/11\/Untitled-design-6.png","width":400,"height":240,"caption":"Naval Group"},"image":{"@id":"https:\/\/grupo-naval.com\/#\/schema\/logo\/image\/"},"sameAs":["https:\/\/www.linkedin.com\/company\/grupo-naval"]},{"@type":"Person","@id":"https:\/\/grupo-naval.com\/#\/schema\/person\/941a80f46b5dae99941bc07a87931935","name":"Marina Sanches","image":{"@type":"ImageObject","inLanguage":"en-US","@id":"https:\/\/grupo-naval.com\/#\/schema\/person\/image\/","url":"https:\/\/secure.gravatar.com\/avatar\/48cbd9f1a65389caf3764d42da80912984f009987cd688374d5154daef98fc10?s=96&d=mm&r=g","contentUrl":"https:\/\/secure.gravatar.com\/avatar\/48cbd9f1a65389caf3764d42da80912984f009987cd688374d5154daef98fc10?s=96&d=mm&r=g","caption":"Marina Sanches"},"url":"https:\/\/grupo-naval.com\/en\/author\/marina-sanches\/"}]}},"_links":{"self":[{"href":"https:\/\/grupo-naval.com\/en\/wp-json\/wp\/v2\/posts\/851","targetHints":{"allow":["GET"]}}],"collection":[{"href":"https:\/\/grupo-naval.com\/en\/wp-json\/wp\/v2\/posts"}],"about":[{"href":"https:\/\/grupo-naval.com\/en\/wp-json\/wp\/v2\/types\/post"}],"author":[{"embeddable":true,"href":"https:\/\/grupo-naval.com\/en\/wp-json\/wp\/v2\/users\/3"}],"replies":[{"embeddable":true,"href":"https:\/\/grupo-naval.com\/en\/wp-json\/wp\/v2\/comments?post=851"}],"version-history":[{"count":6,"href":"https:\/\/grupo-naval.com\/en\/wp-json\/wp\/v2\/posts\/851\/revisions"}],"predecessor-version":[{"id":892,"href":"https:\/\/grupo-naval.com\/en\/wp-json\/wp\/v2\/posts\/851\/revisions\/892"}],"wp:attachment":[{"href":"https:\/\/grupo-naval.com\/en\/wp-json\/wp\/v2\/media?parent=851"}],"wp:term":[{"taxonomy":"category","embeddable":true,"href":"https:\/\/grupo-naval.com\/en\/wp-json\/wp\/v2\/categories?post=851"},{"taxonomy":"post_tag","embeddable":true,"href":"https:\/\/grupo-naval.com\/en\/wp-json\/wp\/v2\/tags?post=851"}],"curies":[{"name":"wp","href":"https:\/\/api.w.org\/{rel}","templated":true}]}}