{"id":882,"date":"2025-12-15T07:56:43","date_gmt":"2025-12-15T10:56:43","guid":{"rendered":"https:\/\/grupo-naval.com\/?p=882"},"modified":"2026-01-26T07:05:13","modified_gmt":"2026-01-26T10:05:13","slug":"882","status":"publish","type":"post","link":"https:\/\/grupo-naval.com\/en\/outros\/882\/","title":{"rendered":"Grupo Naval e IFC assinam acordos estrat\u00e9gicos para o desenvolvimento do sector alimentar em Angola"},"content":{"rendered":"<p>O Grupo Naval recebeu, nas instala\u00e7\u00f5es da Refitec, uma comitiva da IFC &#8211; International Finance Corporation, liderada pelo seu Managing Director, Makhtar Diop, para a formaliza\u00e7\u00e3o de dois acordos estrat\u00e9gicos que visam transformar o sector alimentar nacional.<\/p>\n<p><img loading=\"lazy\" decoding=\"async\" class=\"aligncenter wp-image-895\" src=\"https:\/\/grupo-naval.com\/wp-content\/uploads\/2025\/12\/02.jpg\" alt=\"\" width=\"652\" height=\"467\" srcset=\"https:\/\/grupo-naval.com\/wp-content\/uploads\/2025\/12\/02.jpg 500w, https:\/\/grupo-naval.com\/wp-content\/uploads\/2025\/12\/02-18x12.jpg 18w\" sizes=\"auto, (max-width: 652px) 100vw, 652px\" \/><\/p>\n<p>O Grupo Naval recebeu, nas instala\u00e7\u00f5es da Refitec, uma comitiva da IFC \u2013 International Finance Corporation, liderada pelo seu Managing Director, Makhtar Diop, para a formaliza\u00e7\u00e3o de dois acordos estrat\u00e9gicos que visam transformar o sector alimentar nacional.<\/p>\n<p>Foram assinados dois programas de coopera\u00e7\u00e3o:<\/p>\n<p>1. Optimiza\u00e7\u00e3o das cadeias log\u00edsticas de importa\u00e7\u00e3o e exporta\u00e7\u00e3o de gr\u00e3os e insumos agr\u00edcolas;<\/p>\n<p>2. Fomento agr\u00edcola estruturado, com apoio aos produtores locais atrav\u00e9s de modelos inovadores de barter.<\/p>\n<p>Estas iniciativas fortalecem a nossa capacidade de resposta aos desafios log\u00edsticos, aumentam o acesso a mat\u00e9rias-primas e impulsionam a produ\u00e7\u00e3o nacional de alimentos como milho e soja.<\/p>\n<p>\u201cEsta parceria acelera o nosso compromisso com uma Angola mais autossuficiente.\u201d<\/p>\n<p>&#8211; Simon Tecleab, CEO do Grupo Naval<\/p>","protected":false},"excerpt":{"rendered":"<p>O Grupo Naval recebeu, nas instala\u00e7\u00f5es da Refitec, uma comitiva da IFC &#8211; International Finance Corporation, liderada pelo seu Managing Director, Makhtar Diop, para a formaliza\u00e7\u00e3o de dois acordos estrat\u00e9gicos que visam transformar o sector alimentar nacional. O Grupo Naval recebeu, nas instala\u00e7\u00f5es da Refitec, uma comitiva da IFC \u2013 International Finance Corporation, liderada pelo [&hellip;]<\/p>","protected":false},"author":3,"featured_media":0,"comment_status":"open","ping_status":"open","sticky":false,"template":"","format":"standard","meta":{"_acf_changed":false,"footnotes":""},"categories":[7],"tags":[],"class_list":["post-882","post","type-post","status-publish","format-standard","hentry","category-outros"],"acf":[],"yoast_head":"<!-- This site is optimized with the Yoast SEO plugin v24.1 - https:\/\/yoast.com\/wordpress\/plugins\/seo\/ -->\n<title>Grupo Naval e IFC assinam acordos estrat\u00e9gicos para o desenvolvimento do sector alimentar em Angola - Grupo Naval<\/title>\n<meta name=\"robots\" content=\"index, follow, max-snippet:-1, max-image-preview:large, max-video-preview:-1\" \/>\n<link rel=\"canonical\" href=\"https:\/\/grupo-naval.com\/en\/outros\/882\/\" \/>\n<meta property=\"og:locale\" content=\"en_US\" \/>\n<meta property=\"og:type\" content=\"article\" \/>\n<meta property=\"og:title\" content=\"Grupo Naval e IFC assinam acordos estrat\u00e9gicos para o desenvolvimento do sector alimentar em Angola - Grupo Naval\" \/>\n<meta property=\"og:description\" content=\"O Grupo Naval recebeu, nas instala\u00e7\u00f5es da Refitec, uma comitiva da IFC &#8211; International Finance Corporation, liderada pelo seu Managing Director, Makhtar Diop, para a formaliza\u00e7\u00e3o de dois acordos estrat\u00e9gicos que visam transformar o sector alimentar nacional. O Grupo Naval recebeu, nas instala\u00e7\u00f5es da Refitec, uma comitiva da IFC \u2013 International Finance Corporation, liderada pelo [&hellip;]\" \/>\n<meta property=\"og:url\" content=\"https:\/\/grupo-naval.com\/en\/outros\/882\/\" \/>\n<meta property=\"og:site_name\" content=\"Grupo Naval\" \/>\n<meta property=\"article:published_time\" content=\"2025-12-15T10:56:43+00:00\" \/>\n<meta property=\"article:modified_time\" content=\"2026-01-26T10:05:13+00:00\" \/>\n<meta property=\"og:image\" content=\"https:\/\/grupo-naval.com\/wp-content\/uploads\/2025\/12\/02.jpg\" \/>\n\t<meta property=\"og:image:width\" content=\"500\" \/>\n\t<meta property=\"og:image:height\" content=\"358\" \/>\n\t<meta property=\"og:image:type\" content=\"image\/jpeg\" \/>\n<meta name=\"author\" content=\"Marina Sanches\" \/>\n<meta name=\"twitter:card\" content=\"summary_large_image\" \/>\n<meta name=\"twitter:label1\" content=\"Written by\" \/>\n\t<meta name=\"twitter:data1\" content=\"Marina Sanches\" \/>\n\t<meta name=\"twitter:label2\" content=\"Est. reading time\" \/>\n\t<meta name=\"twitter:data2\" content=\"2 minutes\" \/>\n<script type=\"application\/ld+json\" class=\"yoast-schema-graph\">{\"@context\":\"https:\/\/schema.org\",\"@graph\":[{\"@type\":\"Article\",\"@id\":\"https:\/\/grupo-naval.com\/outros\/882\/#article\",\"isPartOf\":{\"@id\":\"https:\/\/grupo-naval.com\/outros\/882\/\"},\"author\":{\"name\":\"Marina Sanches\",\"@id\":\"https:\/\/grupo-naval.com\/#\/schema\/person\/941a80f46b5dae99941bc07a87931935\"},\"headline\":\"Grupo Naval e IFC assinam acordos estrat\u00e9gicos para o desenvolvimento do sector alimentar em Angola\",\"datePublished\":\"2025-12-15T10:56:43+00:00\",\"dateModified\":\"2026-01-26T10:05:13+00:00\",\"mainEntityOfPage\":{\"@id\":\"https:\/\/grupo-naval.com\/outros\/882\/\"},\"wordCount\":185,\"commentCount\":0,\"publisher\":{\"@id\":\"https:\/\/grupo-naval.com\/#organization\"},\"image\":{\"@id\":\"https:\/\/grupo-naval.com\/outros\/882\/#primaryimage\"},\"thumbnailUrl\":\"https:\/\/grupo-naval.com\/wp-content\/uploads\/2025\/12\/02.jpg\",\"articleSection\":[\"Outros\"],\"inLanguage\":\"en-US\",\"potentialAction\":[{\"@type\":\"CommentAction\",\"name\":\"Comment\",\"target\":[\"https:\/\/grupo-naval.com\/outros\/882\/#respond\"]}]},{\"@type\":\"WebPage\",\"@id\":\"https:\/\/grupo-naval.com\/outros\/882\/\",\"url\":\"https:\/\/grupo-naval.com\/outros\/882\/\",\"name\":\"Grupo Naval e IFC assinam acordos estrat\u00e9gicos para o desenvolvimento do sector alimentar em Angola - Grupo Naval\",\"isPartOf\":{\"@id\":\"https:\/\/grupo-naval.com\/#website\"},\"primaryImageOfPage\":{\"@id\":\"https:\/\/grupo-naval.com\/outros\/882\/#primaryimage\"},\"image\":{\"@id\":\"https:\/\/grupo-naval.com\/outros\/882\/#primaryimage\"},\"thumbnailUrl\":\"https:\/\/grupo-naval.com\/wp-content\/uploads\/2025\/12\/02.jpg\",\"datePublished\":\"2025-12-15T10:56:43+00:00\",\"dateModified\":\"2026-01-26T10:05:13+00:00\",\"breadcrumb\":{\"@id\":\"https:\/\/grupo-naval.com\/outros\/882\/#breadcrumb\"},\"inLanguage\":\"en-US\",\"potentialAction\":[{\"@type\":\"ReadAction\",\"target\":[\"https:\/\/grupo-naval.com\/outros\/882\/\"]}]},{\"@type\":\"ImageObject\",\"inLanguage\":\"en-US\",\"@id\":\"https:\/\/grupo-naval.com\/outros\/882\/#primaryimage\",\"url\":\"https:\/\/grupo-naval.com\/wp-content\/uploads\/2025\/12\/02.jpg\",\"contentUrl\":\"https:\/\/grupo-naval.com\/wp-content\/uploads\/2025\/12\/02.jpg\"},{\"@type\":\"BreadcrumbList\",\"@id\":\"https:\/\/grupo-naval.com\/outros\/882\/#breadcrumb\",\"itemListElement\":[{\"@type\":\"ListItem\",\"position\":1,\"name\":\"Home\",\"item\":\"https:\/\/grupo-naval.com\/\"},{\"@type\":\"ListItem\",\"position\":2,\"name\":\"Grupo Naval e IFC assinam acordos estrat\u00e9gicos para o desenvolvimento do sector alimentar em Angola\"}]},{\"@type\":\"WebSite\",\"@id\":\"https:\/\/grupo-naval.com\/#website\",\"url\":\"https:\/\/grupo-naval.com\/\",\"name\":\"Naval Group\",\"description\":\"\",\"publisher\":{\"@id\":\"https:\/\/grupo-naval.com\/#organization\"},\"potentialAction\":[{\"@type\":\"SearchAction\",\"target\":{\"@type\":\"EntryPoint\",\"urlTemplate\":\"https:\/\/grupo-naval.com\/?s={search_term_string}\"},\"query-input\":{\"@type\":\"PropertyValueSpecification\",\"valueRequired\":true,\"valueName\":\"search_term_string\"}}],\"inLanguage\":\"en-US\"},{\"@type\":\"Organization\",\"@id\":\"https:\/\/grupo-naval.com\/#organization\",\"name\":\"Naval Group\",\"url\":\"https:\/\/grupo-naval.com\/\",\"logo\":{\"@type\":\"ImageObject\",\"inLanguage\":\"en-US\",\"@id\":\"https:\/\/grupo-naval.com\/#\/schema\/logo\/image\/\",\"url\":\"https:\/\/grupo-naval.com\/wp-content\/uploads\/2024\/11\/Untitled-design-6.png\",\"contentUrl\":\"https:\/\/grupo-naval.com\/wp-content\/uploads\/2024\/11\/Untitled-design-6.png\",\"width\":400,\"height\":240,\"caption\":\"Naval Group\"},\"image\":{\"@id\":\"https:\/\/grupo-naval.com\/#\/schema\/logo\/image\/\"},\"sameAs\":[\"https:\/\/www.linkedin.com\/company\/grupo-naval\"]},{\"@type\":\"Person\",\"@id\":\"https:\/\/grupo-naval.com\/#\/schema\/person\/941a80f46b5dae99941bc07a87931935\",\"name\":\"Marina Sanches\",\"image\":{\"@type\":\"ImageObject\",\"inLanguage\":\"en-US\",\"@id\":\"https:\/\/grupo-naval.com\/#\/schema\/person\/image\/\",\"url\":\"https:\/\/secure.gravatar.com\/avatar\/48cbd9f1a65389caf3764d42da80912984f009987cd688374d5154daef98fc10?s=96&d=mm&r=g\",\"contentUrl\":\"https:\/\/secure.gravatar.com\/avatar\/48cbd9f1a65389caf3764d42da80912984f009987cd688374d5154daef98fc10?s=96&d=mm&r=g\",\"caption\":\"Marina Sanches\"},\"url\":\"https:\/\/grupo-naval.com\/en\/author\/marina-sanches\/\"}]}<\/script>\n<!-- \/ Yoast SEO plugin. -->","yoast_head_json":{"title":"Grupo Naval e IFC assinam acordos estrat\u00e9gicos para o desenvolvimento do sector alimentar em Angola - Grupo Naval","robots":{"index":"index","follow":"follow","max-snippet":"max-snippet:-1","max-image-preview":"max-image-preview:large","max-video-preview":"max-video-preview:-1"},"canonical":"https:\/\/grupo-naval.com\/en\/outros\/882\/","og_locale":"en_US","og_type":"article","og_title":"Grupo Naval e IFC assinam acordos estrat\u00e9gicos para o desenvolvimento do sector alimentar em Angola - Grupo Naval","og_description":"O Grupo Naval recebeu, nas instala\u00e7\u00f5es da Refitec, uma comitiva da IFC &#8211; International Finance Corporation, liderada pelo seu Managing Director, Makhtar Diop, para a formaliza\u00e7\u00e3o de dois acordos estrat\u00e9gicos que visam transformar o sector alimentar nacional. O Grupo Naval recebeu, nas instala\u00e7\u00f5es da Refitec, uma comitiva da IFC \u2013 International Finance Corporation, liderada pelo [&hellip;]","og_url":"https:\/\/grupo-naval.com\/en\/outros\/882\/","og_site_name":"Grupo Naval","article_published_time":"2025-12-15T10:56:43+00:00","article_modified_time":"2026-01-26T10:05:13+00:00","og_image":[{"width":500,"height":358,"url":"https:\/\/grupo-naval.com\/wp-content\/uploads\/2025\/12\/02.jpg","type":"image\/jpeg"}],"author":"Marina Sanches","twitter_card":"summary_large_image","twitter_misc":{"Written by":"Marina Sanches","Est. reading time":"2 minutes"},"schema":{"@context":"https:\/\/schema.org","@graph":[{"@type":"Article","@id":"https:\/\/grupo-naval.com\/outros\/882\/#article","isPartOf":{"@id":"https:\/\/grupo-naval.com\/outros\/882\/"},"author":{"name":"Marina Sanches","@id":"https:\/\/grupo-naval.com\/#\/schema\/person\/941a80f46b5dae99941bc07a87931935"},"headline":"Grupo Naval e IFC assinam acordos estrat\u00e9gicos para o desenvolvimento do sector alimentar em Angola","datePublished":"2025-12-15T10:56:43+00:00","dateModified":"2026-01-26T10:05:13+00:00","mainEntityOfPage":{"@id":"https:\/\/grupo-naval.com\/outros\/882\/"},"wordCount":185,"commentCount":0,"publisher":{"@id":"https:\/\/grupo-naval.com\/#organization"},"image":{"@id":"https:\/\/grupo-naval.com\/outros\/882\/#primaryimage"},"thumbnailUrl":"https:\/\/grupo-naval.com\/wp-content\/uploads\/2025\/12\/02.jpg","articleSection":["Outros"],"inLanguage":"en-US","potentialAction":[{"@type":"CommentAction","name":"Comment","target":["https:\/\/grupo-naval.com\/outros\/882\/#respond"]}]},{"@type":"WebPage","@id":"https:\/\/grupo-naval.com\/outros\/882\/","url":"https:\/\/grupo-naval.com\/outros\/882\/","name":"Grupo Naval e IFC assinam acordos estrat\u00e9gicos para o desenvolvimento do sector alimentar em Angola - Grupo Naval","isPartOf":{"@id":"https:\/\/grupo-naval.com\/#website"},"primaryImageOfPage":{"@id":"https:\/\/grupo-naval.com\/outros\/882\/#primaryimage"},"image":{"@id":"https:\/\/grupo-naval.com\/outros\/882\/#primaryimage"},"thumbnailUrl":"https:\/\/grupo-naval.com\/wp-content\/uploads\/2025\/12\/02.jpg","datePublished":"2025-12-15T10:56:43+00:00","dateModified":"2026-01-26T10:05:13+00:00","breadcrumb":{"@id":"https:\/\/grupo-naval.com\/outros\/882\/#breadcrumb"},"inLanguage":"en-US","potentialAction":[{"@type":"ReadAction","target":["https:\/\/grupo-naval.com\/outros\/882\/"]}]},{"@type":"ImageObject","inLanguage":"en-US","@id":"https:\/\/grupo-naval.com\/outros\/882\/#primaryimage","url":"https:\/\/grupo-naval.com\/wp-content\/uploads\/2025\/12\/02.jpg","contentUrl":"https:\/\/grupo-naval.com\/wp-content\/uploads\/2025\/12\/02.jpg"},{"@type":"BreadcrumbList","@id":"https:\/\/grupo-naval.com\/outros\/882\/#breadcrumb","itemListElement":[{"@type":"ListItem","position":1,"name":"Home","item":"https:\/\/grupo-naval.com\/"},{"@type":"ListItem","position":2,"name":"Grupo Naval e IFC assinam acordos estrat\u00e9gicos para o desenvolvimento do sector alimentar em Angola"}]},{"@type":"WebSite","@id":"https:\/\/grupo-naval.com\/#website","url":"https:\/\/grupo-naval.com\/","name":"Naval Group","description":"","publisher":{"@id":"https:\/\/grupo-naval.com\/#organization"},"potentialAction":[{"@type":"SearchAction","target":{"@type":"EntryPoint","urlTemplate":"https:\/\/grupo-naval.com\/?s={search_term_string}"},"query-input":{"@type":"PropertyValueSpecification","valueRequired":true,"valueName":"search_term_string"}}],"inLanguage":"en-US"},{"@type":"Organization","@id":"https:\/\/grupo-naval.com\/#organization","name":"Naval Group","url":"https:\/\/grupo-naval.com\/","logo":{"@type":"ImageObject","inLanguage":"en-US","@id":"https:\/\/grupo-naval.com\/#\/schema\/logo\/image\/","url":"https:\/\/grupo-naval.com\/wp-content\/uploads\/2024\/11\/Untitled-design-6.png","contentUrl":"https:\/\/grupo-naval.com\/wp-content\/uploads\/2024\/11\/Untitled-design-6.png","width":400,"height":240,"caption":"Naval Group"},"image":{"@id":"https:\/\/grupo-naval.com\/#\/schema\/logo\/image\/"},"sameAs":["https:\/\/www.linkedin.com\/company\/grupo-naval"]},{"@type":"Person","@id":"https:\/\/grupo-naval.com\/#\/schema\/person\/941a80f46b5dae99941bc07a87931935","name":"Marina Sanches","image":{"@type":"ImageObject","inLanguage":"en-US","@id":"https:\/\/grupo-naval.com\/#\/schema\/person\/image\/","url":"https:\/\/secure.gravatar.com\/avatar\/48cbd9f1a65389caf3764d42da80912984f009987cd688374d5154daef98fc10?s=96&d=mm&r=g","contentUrl":"https:\/\/secure.gravatar.com\/avatar\/48cbd9f1a65389caf3764d42da80912984f009987cd688374d5154daef98fc10?s=96&d=mm&r=g","caption":"Marina Sanches"},"url":"https:\/\/grupo-naval.com\/en\/author\/marina-sanches\/"}]}},"_links":{"self":[{"href":"https:\/\/grupo-naval.com\/en\/wp-json\/wp\/v2\/posts\/882","targetHints":{"allow":["GET"]}}],"collection":[{"href":"https:\/\/grupo-naval.com\/en\/wp-json\/wp\/v2\/posts"}],"about":[{"href":"https:\/\/grupo-naval.com\/en\/wp-json\/wp\/v2\/types\/post"}],"author":[{"embeddable":true,"href":"https:\/\/grupo-naval.com\/en\/wp-json\/wp\/v2\/users\/3"}],"replies":[{"embeddable":true,"href":"https:\/\/grupo-naval.com\/en\/wp-json\/wp\/v2\/comments?post=882"}],"version-history":[{"count":11,"href":"https:\/\/grupo-naval.com\/en\/wp-json\/wp\/v2\/posts\/882\/revisions"}],"predecessor-version":[{"id":908,"href":"https:\/\/grupo-naval.com\/en\/wp-json\/wp\/v2\/posts\/882\/revisions\/908"}],"wp:attachment":[{"href":"https:\/\/grupo-naval.com\/en\/wp-json\/wp\/v2\/media?parent=882"}],"wp:term":[{"taxonomy":"category","embeddable":true,"href":"https:\/\/grupo-naval.com\/en\/wp-json\/wp\/v2\/categories?post=882"},{"taxonomy":"post_tag","embeddable":true,"href":"https:\/\/grupo-naval.com\/en\/wp-json\/wp\/v2\/tags?post=882"}],"curies":[{"name":"wp","href":"https:\/\/api.w.org\/{rel}","templated":true}]}}